{"id":5505,"date":"2023-05-06T19:58:33","date_gmt":"2023-05-06T17:58:33","guid":{"rendered":"https:\/\/islaywhiskychapter.at\/?p=5505"},"modified":"2023-05-06T19:59:40","modified_gmt":"2023-05-06T17:59:40","slug":"coronation-day","status":"publish","type":"post","link":"https:\/\/islaywhiskychapter.at\/index.php\/coronation-day\/","title":{"rendered":"Coronation Day"},"content":{"rendered":"\n<p>Ein besonderer Tag heute, der f\u00fcr viele wohl schon sehr fr\u00fch begonnen hat.<\/p>\n\n\n\n<p>F\u00fcr ihn selbst wohl das Ziel einer langen Reise.<\/p>\n\n\n\n<p>F\u00fcr Royalisten DER Tag, f\u00fcr den einige nicht nur stundenlanges sondern sogar tagelanges Warten in Kauf nahmen, um einen Platz mit besonderer Aussicht auf die Route vom Buckingham Palast zur Kr\u00f6nung in die Westminster Abbey und wieder zur\u00fcck zu finden.<\/p>\n\n\n\n<p>F\u00fcr Monarchiegegner eine Gelegenheit zu ausgedehnten Protesten, die gr\u00f6\u00dftenteils aber friedlich verliefen.<\/p>\n\n\n\n<p>Der \u201eStone of Destiny\u201c wurde daf\u00fcr extra von Edinburgh nach London gebracht und in den Thronsessel in der Westminster Abbey eingebaut &#8211; selbstverst\u00e4ndlich wird er in den n\u00e4chsten Tagen wieder zur\u00fcckgebracht werden.<\/p>\n\n\n\n<p>F\u00fcr uns ein Grund das Glas zu heben und kurz nach Mittag einen Toast auf King Charles III auszubringen.<\/p>\n\n\n\n<p>Hier einige Impressionen dieses Gro\u00dfereignisses f\u00fcr das Vereinigte K\u00f6nigreich.<\/p>\n\n\n\n<figure class=\"wp-block-image size-large\"><img loading=\"lazy\" decoding=\"async\" width=\"1024\" height=\"768\" src=\"https:\/\/islaywhiskychapter.at\/wp-content\/uploads\/IMG_4248-1024x768.jpeg\" alt=\"\" class=\"wp-image-5497\" srcset=\"https:\/\/islaywhiskychapter.at\/wp-content\/uploads\/IMG_4248-1024x768.jpeg 1024w, https:\/\/islaywhiskychapter.at\/wp-content\/uploads\/IMG_4248-300x225.jpeg 300w, https:\/\/islaywhiskychapter.at\/wp-content\/uploads\/IMG_4248-768x576.jpeg 768w, https:\/\/islaywhiskychapter.at\/wp-content\/uploads\/IMG_4248-1536x1152.jpeg 1536w, https:\/\/islaywhiskychapter.at\/wp-content\/uploads\/IMG_4248-2048x1536.jpeg 2048w\" sizes=\"auto, (max-width: 1024px) 100vw, 1024px\" \/><figcaption class=\"wp-element-caption\">F\u00fcr die G\u00e4ste hie\u00df es langes Warten, unterbrochen von aktivem Mitsingen<\/figcaption><\/figure>\n\n\n\n<figure class=\"wp-block-image size-large\"><img loading=\"lazy\" decoding=\"async\" width=\"1024\" height=\"768\" src=\"https:\/\/islaywhiskychapter.at\/wp-content\/uploads\/IMG_4243-1024x768.jpeg\" alt=\"\" class=\"wp-image-5500\" srcset=\"https:\/\/islaywhiskychapter.at\/wp-content\/uploads\/IMG_4243-1024x768.jpeg 1024w, https:\/\/islaywhiskychapter.at\/wp-content\/uploads\/IMG_4243-300x225.jpeg 300w, https:\/\/islaywhiskychapter.at\/wp-content\/uploads\/IMG_4243-768x576.jpeg 768w, https:\/\/islaywhiskychapter.at\/wp-content\/uploads\/IMG_4243-1536x1152.jpeg 1536w, https:\/\/islaywhiskychapter.at\/wp-content\/uploads\/IMG_4243-2048x1536.jpeg 2048w\" sizes=\"auto, (max-width: 1024px) 100vw, 1024px\" \/><figcaption class=\"wp-element-caption\">Charles III erlebt die Zeremonie meist mit dem R\u00fccken zu den 2000 G\u00e4sten<\/figcaption><\/figure>\n\n\n\n<figure class=\"wp-block-image size-large\"><img loading=\"lazy\" decoding=\"async\" width=\"1024\" height=\"768\" src=\"https:\/\/islaywhiskychapter.at\/wp-content\/uploads\/IMG_4241-1024x768.jpeg\" alt=\"\" class=\"wp-image-5502\" srcset=\"https:\/\/islaywhiskychapter.at\/wp-content\/uploads\/IMG_4241-1024x768.jpeg 1024w, https:\/\/islaywhiskychapter.at\/wp-content\/uploads\/IMG_4241-300x225.jpeg 300w, https:\/\/islaywhiskychapter.at\/wp-content\/uploads\/IMG_4241-768x576.jpeg 768w, https:\/\/islaywhiskychapter.at\/wp-content\/uploads\/IMG_4241-1536x1152.jpeg 1536w, https:\/\/islaywhiskychapter.at\/wp-content\/uploads\/IMG_4241-2048x1536.jpeg 2048w\" sizes=\"auto, (max-width: 1024px) 100vw, 1024px\" \/><figcaption class=\"wp-element-caption\">Der Erzbischofs von Canterbury nimmt die Kr\u00f6nung vor \u2026<\/figcaption><\/figure>\n\n\n\n<figure class=\"wp-block-image size-large\"><img loading=\"lazy\" decoding=\"async\" width=\"1024\" height=\"768\" src=\"https:\/\/islaywhiskychapter.at\/wp-content\/uploads\/IMG_4242-1024x768.jpeg\" alt=\"\" class=\"wp-image-5501\" srcset=\"https:\/\/islaywhiskychapter.at\/wp-content\/uploads\/IMG_4242-1024x768.jpeg 1024w, https:\/\/islaywhiskychapter.at\/wp-content\/uploads\/IMG_4242-300x225.jpeg 300w, https:\/\/islaywhiskychapter.at\/wp-content\/uploads\/IMG_4242-768x576.jpeg 768w, https:\/\/islaywhiskychapter.at\/wp-content\/uploads\/IMG_4242-1536x1152.jpeg 1536w, https:\/\/islaywhiskychapter.at\/wp-content\/uploads\/IMG_4242-2048x1536.jpeg 2048w\" sizes=\"auto, (max-width: 1024px) 100vw, 1024px\" \/><figcaption class=\"wp-element-caption\">\u2026 und verwendet daf\u00fcr einen Schummelzettel<\/figcaption><\/figure>\n\n\n\n<figure class=\"wp-block-image size-large\"><img loading=\"lazy\" decoding=\"async\" width=\"1024\" height=\"768\" src=\"https:\/\/islaywhiskychapter.at\/wp-content\/uploads\/IMG_4237-1024x768.jpeg\" alt=\"\" class=\"wp-image-5503\" srcset=\"https:\/\/islaywhiskychapter.at\/wp-content\/uploads\/IMG_4237-1024x768.jpeg 1024w, https:\/\/islaywhiskychapter.at\/wp-content\/uploads\/IMG_4237-300x225.jpeg 300w, https:\/\/islaywhiskychapter.at\/wp-content\/uploads\/IMG_4237-768x576.jpeg 768w, https:\/\/islaywhiskychapter.at\/wp-content\/uploads\/IMG_4237-1536x1152.jpeg 1536w, https:\/\/islaywhiskychapter.at\/wp-content\/uploads\/IMG_4237-2048x1536.jpeg 2048w\" sizes=\"auto, (max-width: 1024px) 100vw, 1024px\" \/><figcaption class=\"wp-element-caption\">Mit der Supertunika aus Gold und einem ebenfalls goldenen Umhang scheint der K\u00f6nig unter Druck zu sein &#8211; in den H\u00e4nden das Szepter und die \u201eRute der Gnade\u201c<\/figcaption><\/figure>\n\n\n\n<figure class=\"wp-block-image size-large\"><img loading=\"lazy\" decoding=\"async\" width=\"1024\" height=\"768\" src=\"https:\/\/islaywhiskychapter.at\/wp-content\/uploads\/IMG_4245-1024x768.jpeg\" alt=\"\" class=\"wp-image-5498\" srcset=\"https:\/\/islaywhiskychapter.at\/wp-content\/uploads\/IMG_4245-1024x768.jpeg 1024w, https:\/\/islaywhiskychapter.at\/wp-content\/uploads\/IMG_4245-300x225.jpeg 300w, https:\/\/islaywhiskychapter.at\/wp-content\/uploads\/IMG_4245-768x576.jpeg 768w, https:\/\/islaywhiskychapter.at\/wp-content\/uploads\/IMG_4245-1536x1152.jpeg 1536w, https:\/\/islaywhiskychapter.at\/wp-content\/uploads\/IMG_4245-2048x1536.jpeg 2048w\" sizes=\"auto, (max-width: 1024px) 100vw, 1024px\" \/><figcaption class=\"wp-element-caption\">Prinz William schw\u00f6rt Treue \u2026<\/figcaption><\/figure>\n\n\n\n<figure class=\"wp-block-image size-large\"><img loading=\"lazy\" decoding=\"async\" width=\"1024\" height=\"768\" src=\"https:\/\/islaywhiskychapter.at\/wp-content\/uploads\/IMG_4244-1024x768.jpeg\" alt=\"\" class=\"wp-image-5499\" srcset=\"https:\/\/islaywhiskychapter.at\/wp-content\/uploads\/IMG_4244-1024x768.jpeg 1024w, https:\/\/islaywhiskychapter.at\/wp-content\/uploads\/IMG_4244-300x225.jpeg 300w, https:\/\/islaywhiskychapter.at\/wp-content\/uploads\/IMG_4244-768x576.jpeg 768w, https:\/\/islaywhiskychapter.at\/wp-content\/uploads\/IMG_4244-1536x1152.jpeg 1536w, https:\/\/islaywhiskychapter.at\/wp-content\/uploads\/IMG_4244-2048x1536.jpeg 2048w\" sizes=\"auto, (max-width: 1024px) 100vw, 1024px\" \/><figcaption class=\"wp-element-caption\">\u2026 nicht ohne ebenfalls einen Blick auf seinen Spickzettel zu machen &#8211; sicherheitshalber<\/figcaption><\/figure>\n\n\n\n<figure class=\"wp-block-image size-large\"><img loading=\"lazy\" decoding=\"async\" width=\"1024\" height=\"663\" src=\"https:\/\/islaywhiskychapter.at\/wp-content\/uploads\/IMG_4252-1024x663.jpeg\" alt=\"\" class=\"wp-image-5496\" srcset=\"https:\/\/islaywhiskychapter.at\/wp-content\/uploads\/IMG_4252-1024x663.jpeg 1024w, https:\/\/islaywhiskychapter.at\/wp-content\/uploads\/IMG_4252-300x194.jpeg 300w, https:\/\/islaywhiskychapter.at\/wp-content\/uploads\/IMG_4252-768x497.jpeg 768w, https:\/\/islaywhiskychapter.at\/wp-content\/uploads\/IMG_4252-1536x994.jpeg 1536w, https:\/\/islaywhiskychapter.at\/wp-content\/uploads\/IMG_4252-2048x1325.jpeg 2048w\" sizes=\"auto, (max-width: 1024px) 100vw, 1024px\" \/><figcaption class=\"wp-element-caption\">Nach dem K\u00f6nig wird die Queen Consort gekr\u00f6nt \u2026 und m\u00f6chte vielleicht noch etwas sagen \u2026<\/figcaption><\/figure>\n\n\n\n<figure class=\"wp-block-image size-large\"><img loading=\"lazy\" decoding=\"async\" width=\"1024\" height=\"768\" src=\"https:\/\/islaywhiskychapter.at\/wp-content\/uploads\/IMG_4258-1024x768.jpeg\" alt=\"\" class=\"wp-image-5494\" srcset=\"https:\/\/islaywhiskychapter.at\/wp-content\/uploads\/IMG_4258-1024x768.jpeg 1024w, https:\/\/islaywhiskychapter.at\/wp-content\/uploads\/IMG_4258-300x225.jpeg 300w, https:\/\/islaywhiskychapter.at\/wp-content\/uploads\/IMG_4258-768x576.jpeg 768w, https:\/\/islaywhiskychapter.at\/wp-content\/uploads\/IMG_4258-1536x1152.jpeg 1536w, https:\/\/islaywhiskychapter.at\/wp-content\/uploads\/IMG_4258-2048x1536.jpeg 2048w\" sizes=\"auto, (max-width: 1024px) 100vw, 1024px\" \/><figcaption class=\"wp-element-caption\">King und Queen &#8211; wer ist entspanner?<\/figcaption><\/figure>\n\n\n\n<figure class=\"wp-block-image size-large\"><img loading=\"lazy\" decoding=\"async\" width=\"1024\" height=\"768\" src=\"https:\/\/islaywhiskychapter.at\/wp-content\/uploads\/IMG_4261-1024x768.jpeg\" alt=\"\" class=\"wp-image-5491\" srcset=\"https:\/\/islaywhiskychapter.at\/wp-content\/uploads\/IMG_4261-1024x768.jpeg 1024w, https:\/\/islaywhiskychapter.at\/wp-content\/uploads\/IMG_4261-300x225.jpeg 300w, https:\/\/islaywhiskychapter.at\/wp-content\/uploads\/IMG_4261-768x576.jpeg 768w, https:\/\/islaywhiskychapter.at\/wp-content\/uploads\/IMG_4261-1536x1152.jpeg 1536w, https:\/\/islaywhiskychapter.at\/wp-content\/uploads\/IMG_4261-2048x1536.jpeg 2048w\" sizes=\"auto, (max-width: 1024px) 100vw, 1024px\" \/><figcaption class=\"wp-element-caption\">H\u00e4ndedesinfektion oder doch ein Kaffee aus der Kanne?<\/figcaption><\/figure>\n\n\n\n<figure class=\"wp-block-image size-large\"><img loading=\"lazy\" decoding=\"async\" width=\"1024\" height=\"768\" src=\"https:\/\/islaywhiskychapter.at\/wp-content\/uploads\/IMG_4265-1024x768.jpeg\" alt=\"\" class=\"wp-image-5490\" srcset=\"https:\/\/islaywhiskychapter.at\/wp-content\/uploads\/IMG_4265-1024x768.jpeg 1024w, https:\/\/islaywhiskychapter.at\/wp-content\/uploads\/IMG_4265-300x225.jpeg 300w, https:\/\/islaywhiskychapter.at\/wp-content\/uploads\/IMG_4265-768x576.jpeg 768w, https:\/\/islaywhiskychapter.at\/wp-content\/uploads\/IMG_4265-1536x1152.jpeg 1536w, https:\/\/islaywhiskychapter.at\/wp-content\/uploads\/IMG_4265-2048x1536.jpeg 2048w\" sizes=\"auto, (max-width: 1024px) 100vw, 1024px\" \/><figcaption class=\"wp-element-caption\">\u2026 auf dem Weg nach Hause \u2026<\/figcaption><\/figure>\n\n\n\n<figure class=\"wp-block-image size-large\"><img loading=\"lazy\" decoding=\"async\" width=\"1024\" height=\"768\" src=\"https:\/\/islaywhiskychapter.at\/wp-content\/uploads\/IMG_4279-1024x768.jpeg\" alt=\"\" class=\"wp-image-5487\" srcset=\"https:\/\/islaywhiskychapter.at\/wp-content\/uploads\/IMG_4279-1024x768.jpeg 1024w, https:\/\/islaywhiskychapter.at\/wp-content\/uploads\/IMG_4279-300x225.jpeg 300w, https:\/\/islaywhiskychapter.at\/wp-content\/uploads\/IMG_4279-768x576.jpeg 768w, https:\/\/islaywhiskychapter.at\/wp-content\/uploads\/IMG_4279-1536x1152.jpeg 1536w, https:\/\/islaywhiskychapter.at\/wp-content\/uploads\/IMG_4279-2048x1536.jpeg 2048w\" sizes=\"auto, (max-width: 1024px) 100vw, 1024px\" \/><figcaption class=\"wp-element-caption\">\u2026 mit der goldenen Staatskutsche<\/figcaption><\/figure>\n\n\n\n<figure class=\"wp-block-image size-large\"><img loading=\"lazy\" decoding=\"async\" width=\"1024\" height=\"768\" src=\"https:\/\/islaywhiskychapter.at\/wp-content\/uploads\/IMG_4286-1024x768.jpeg\" alt=\"\" class=\"wp-image-5486\" srcset=\"https:\/\/islaywhiskychapter.at\/wp-content\/uploads\/IMG_4286-1024x768.jpeg 1024w, https:\/\/islaywhiskychapter.at\/wp-content\/uploads\/IMG_4286-300x225.jpeg 300w, https:\/\/islaywhiskychapter.at\/wp-content\/uploads\/IMG_4286-768x576.jpeg 768w, https:\/\/islaywhiskychapter.at\/wp-content\/uploads\/IMG_4286-1536x1152.jpeg 1536w, https:\/\/islaywhiskychapter.at\/wp-content\/uploads\/IMG_4286-2048x1536.jpeg 2048w\" sizes=\"auto, (max-width: 1024px) 100vw, 1024px\" \/><figcaption class=\"wp-element-caption\">\u2026 die \u00fcbrigens Technik vom Feinsten eingebaut hat \u2026<\/figcaption><\/figure>\n\n\n\n<figure class=\"wp-block-image size-large\"><img loading=\"lazy\" decoding=\"async\" width=\"1024\" height=\"768\" src=\"https:\/\/islaywhiskychapter.at\/wp-content\/uploads\/IMG_4285-1024x768.jpeg\" alt=\"\" class=\"wp-image-5484\" srcset=\"https:\/\/islaywhiskychapter.at\/wp-content\/uploads\/IMG_4285-1024x768.jpeg 1024w, https:\/\/islaywhiskychapter.at\/wp-content\/uploads\/IMG_4285-300x225.jpeg 300w, https:\/\/islaywhiskychapter.at\/wp-content\/uploads\/IMG_4285-768x576.jpeg 768w, https:\/\/islaywhiskychapter.at\/wp-content\/uploads\/IMG_4285-1536x1152.jpeg 1536w, https:\/\/islaywhiskychapter.at\/wp-content\/uploads\/IMG_4285-2048x1536.jpeg 2048w\" sizes=\"auto, (max-width: 1024px) 100vw, 1024px\" \/><figcaption class=\"wp-element-caption\">Z.B. elektronisch gesteuerte Sto\u00dfd\u00e4mpfer und eine Klimaanlage<\/figcaption><\/figure>\n\n\n\n<figure class=\"wp-block-image size-large\"><img loading=\"lazy\" decoding=\"async\" width=\"1024\" height=\"768\" src=\"https:\/\/islaywhiskychapter.at\/wp-content\/uploads\/IMG_4275-1024x768.jpeg\" alt=\"\" class=\"wp-image-5488\" srcset=\"https:\/\/islaywhiskychapter.at\/wp-content\/uploads\/IMG_4275-1024x768.jpeg 1024w, https:\/\/islaywhiskychapter.at\/wp-content\/uploads\/IMG_4275-300x225.jpeg 300w, https:\/\/islaywhiskychapter.at\/wp-content\/uploads\/IMG_4275-768x576.jpeg 768w, https:\/\/islaywhiskychapter.at\/wp-content\/uploads\/IMG_4275-1536x1152.jpeg 1536w, https:\/\/islaywhiskychapter.at\/wp-content\/uploads\/IMG_4275-2048x1536.jpeg 2048w\" sizes=\"auto, (max-width: 1024px) 100vw, 1024px\" \/><figcaption class=\"wp-element-caption\">4000 Milit\u00e4rangeh\u00f6rige begleiten den K\u00f6nig<\/figcaption><\/figure>\n\n\n\n<figure class=\"wp-block-image size-large\"><img loading=\"lazy\" decoding=\"async\" width=\"1024\" height=\"768\" src=\"https:\/\/islaywhiskychapter.at\/wp-content\/uploads\/IMG_4309-1024x768.jpeg\" alt=\"\" class=\"wp-image-5481\" srcset=\"https:\/\/islaywhiskychapter.at\/wp-content\/uploads\/IMG_4309-1024x768.jpeg 1024w, https:\/\/islaywhiskychapter.at\/wp-content\/uploads\/IMG_4309-300x225.jpeg 300w, https:\/\/islaywhiskychapter.at\/wp-content\/uploads\/IMG_4309-768x576.jpeg 768w, https:\/\/islaywhiskychapter.at\/wp-content\/uploads\/IMG_4309-1536x1152.jpeg 1536w, https:\/\/islaywhiskychapter.at\/wp-content\/uploads\/IMG_4309-2048x1536.jpeg 2048w\" sizes=\"auto, (max-width: 1024px) 100vw, 1024px\" \/><figcaption class=\"wp-element-caption\">Einige &#8211; auch engere Verwandte &#8211; sind schon etwas m\u00fcde<\/figcaption><\/figure>\n\n\n\n<figure class=\"wp-block-image size-large\"><img loading=\"lazy\" decoding=\"async\" width=\"1024\" height=\"768\" src=\"https:\/\/islaywhiskychapter.at\/wp-content\/uploads\/IMG_4310-1024x768.jpeg\" alt=\"\" class=\"wp-image-5480\" srcset=\"https:\/\/islaywhiskychapter.at\/wp-content\/uploads\/IMG_4310-1024x768.jpeg 1024w, https:\/\/islaywhiskychapter.at\/wp-content\/uploads\/IMG_4310-300x225.jpeg 300w, https:\/\/islaywhiskychapter.at\/wp-content\/uploads\/IMG_4310-768x576.jpeg 768w, https:\/\/islaywhiskychapter.at\/wp-content\/uploads\/IMG_4310-1536x1152.jpeg 1536w, https:\/\/islaywhiskychapter.at\/wp-content\/uploads\/IMG_4310-2048x1536.jpeg 2048w\" sizes=\"auto, (max-width: 1024px) 100vw, 1024px\" \/><figcaption class=\"wp-element-caption\">Das Ziel ist der Garten des Buckingham Palastes <\/figcaption><\/figure>\n\n\n\n<figure class=\"wp-block-image size-large\"><img loading=\"lazy\" decoding=\"async\" width=\"1024\" height=\"768\" src=\"https:\/\/islaywhiskychapter.at\/wp-content\/uploads\/IMG_4306-1024x768.jpeg\" alt=\"\" class=\"wp-image-5482\" srcset=\"https:\/\/islaywhiskychapter.at\/wp-content\/uploads\/IMG_4306-1024x768.jpeg 1024w, https:\/\/islaywhiskychapter.at\/wp-content\/uploads\/IMG_4306-300x225.jpeg 300w, https:\/\/islaywhiskychapter.at\/wp-content\/uploads\/IMG_4306-768x576.jpeg 768w, https:\/\/islaywhiskychapter.at\/wp-content\/uploads\/IMG_4306-1536x1152.jpeg 1536w, https:\/\/islaywhiskychapter.at\/wp-content\/uploads\/IMG_4306-2048x1536.jpeg 2048w\" sizes=\"auto, (max-width: 1024px) 100vw, 1024px\" \/><figcaption class=\"wp-element-caption\">Eine Abordnung von Pipes &amp; Drums aus Schottland spielt ein neues Lied mit dem Titel \u201eKing Charles III\u201c<\/figcaption><\/figure>\n\n\n\n<figure class=\"wp-block-image size-large\"><img loading=\"lazy\" decoding=\"async\" width=\"1024\" height=\"768\" src=\"https:\/\/islaywhiskychapter.at\/wp-content\/uploads\/IMG_4313-1024x768.jpeg\" alt=\"\" class=\"wp-image-5479\" srcset=\"https:\/\/islaywhiskychapter.at\/wp-content\/uploads\/IMG_4313-1024x768.jpeg 1024w, https:\/\/islaywhiskychapter.at\/wp-content\/uploads\/IMG_4313-300x225.jpeg 300w, https:\/\/islaywhiskychapter.at\/wp-content\/uploads\/IMG_4313-768x576.jpeg 768w, https:\/\/islaywhiskychapter.at\/wp-content\/uploads\/IMG_4313-1536x1152.jpeg 1536w, https:\/\/islaywhiskychapter.at\/wp-content\/uploads\/IMG_4313-2048x1536.jpeg 2048w\" sizes=\"auto, (max-width: 1024px) 100vw, 1024px\" \/><figcaption class=\"wp-element-caption\">Am Ende pilgern tausende Schaulustige im Regen nach Hause<\/figcaption><\/figure>\n\n\n\n<figure class=\"wp-block-image size-large\"><img loading=\"lazy\" decoding=\"async\" width=\"1024\" height=\"768\" src=\"https:\/\/islaywhiskychapter.at\/wp-content\/uploads\/IMG_4317-1024x768.jpeg\" alt=\"\" class=\"wp-image-5478\" srcset=\"https:\/\/islaywhiskychapter.at\/wp-content\/uploads\/IMG_4317-1024x768.jpeg 1024w, https:\/\/islaywhiskychapter.at\/wp-content\/uploads\/IMG_4317-300x225.jpeg 300w, https:\/\/islaywhiskychapter.at\/wp-content\/uploads\/IMG_4317-768x576.jpeg 768w, https:\/\/islaywhiskychapter.at\/wp-content\/uploads\/IMG_4317-1536x1152.jpeg 1536w, https:\/\/islaywhiskychapter.at\/wp-content\/uploads\/IMG_4317-2048x1536.jpeg 2048w\" sizes=\"auto, (max-width: 1024px) 100vw, 1024px\" \/><figcaption class=\"wp-element-caption\">\u2026 und auch King Charles III verabschiedet sich <\/figcaption><\/figure>\n\n\n\n<figure class=\"wp-block-image size-large\"><img loading=\"lazy\" decoding=\"async\" width=\"768\" height=\"1024\" src=\"https:\/\/islaywhiskychapter.at\/wp-content\/uploads\/IMG_4234-768x1024.jpeg\" alt=\"\" class=\"wp-image-5504\" srcset=\"https:\/\/islaywhiskychapter.at\/wp-content\/uploads\/IMG_4234-768x1024.jpeg 768w, https:\/\/islaywhiskychapter.at\/wp-content\/uploads\/IMG_4234-225x300.jpeg 225w, https:\/\/islaywhiskychapter.at\/wp-content\/uploads\/IMG_4234-1152x1536.jpeg 1152w, https:\/\/islaywhiskychapter.at\/wp-content\/uploads\/IMG_4234-1536x2048.jpeg 1536w, https:\/\/islaywhiskychapter.at\/wp-content\/uploads\/IMG_4234-scaled.jpeg 1920w\" sizes=\"auto, (max-width: 768px) 100vw, 768px\" \/><figcaption class=\"wp-element-caption\">TO THE KING!<\/figcaption><\/figure>\n","protected":false},"excerpt":{"rendered":"<p>Ein besonderer Tag heute, der f\u00fcr viele wohl schon sehr fr\u00fch begonnen hat. F\u00fcr ihn selbst wohl das Ziel einer langen Reise. F\u00fcr Royalisten DER Tag, f\u00fcr den einige nicht nur stundenlanges sondern sogar tagelanges Warten in Kauf nahmen, um <a class=\"more-link\" href=\"https:\/\/islaywhiskychapter.at\/index.php\/coronation-day\/\"><span class=\"screen-reader-text\">  Coronation Day<\/span> weiterlesen<span class=\"meta-nav\">&rarr;<\/span><\/a><\/p>\n","protected":false},"author":4,"featured_media":5503,"comment_status":"open","ping_status":"closed","sticky":false,"template":"","format":"standard","meta":{"_acf_changed":false,"ngg_post_thumbnail":0,"footnotes":"","_links_to":"","_links_to_target":""},"categories":[1],"tags":[],"class_list":["post-5505","post","type-post","status-publish","format-standard","has-post-thumbnail","hentry","category-allgemein"],"acf":[],"_links":{"self":[{"href":"https:\/\/islaywhiskychapter.at\/index.php\/wp-json\/wp\/v2\/posts\/5505","targetHints":{"allow":["GET"]}}],"collection":[{"href":"https:\/\/islaywhiskychapter.at\/index.php\/wp-json\/wp\/v2\/posts"}],"about":[{"href":"https:\/\/islaywhiskychapter.at\/index.php\/wp-json\/wp\/v2\/types\/post"}],"author":[{"embeddable":true,"href":"https:\/\/islaywhiskychapter.at\/index.php\/wp-json\/wp\/v2\/users\/4"}],"replies":[{"embeddable":true,"href":"https:\/\/islaywhiskychapter.at\/index.php\/wp-json\/wp\/v2\/comments?post=5505"}],"version-history":[{"count":0,"href":"https:\/\/islaywhiskychapter.at\/index.php\/wp-json\/wp\/v2\/posts\/5505\/revisions"}],"wp:featuredmedia":[{"embeddable":true,"href":"https:\/\/islaywhiskychapter.at\/index.php\/wp-json\/wp\/v2\/media\/5503"}],"wp:attachment":[{"href":"https:\/\/islaywhiskychapter.at\/index.php\/wp-json\/wp\/v2\/media?parent=5505"}],"wp:term":[{"taxonomy":"category","embeddable":true,"href":"https:\/\/islaywhiskychapter.at\/index.php\/wp-json\/wp\/v2\/categories?post=5505"},{"taxonomy":"post_tag","embeddable":true,"href":"https:\/\/islaywhiskychapter.at\/index.php\/wp-json\/wp\/v2\/tags?post=5505"}],"curies":[{"name":"wp","href":"https:\/\/api.w.org\/{rel}","templated":true}]}}