{"id":4704,"date":"2019-04-05T18:34:18","date_gmt":"2019-04-05T16:34:18","guid":{"rendered":"http:\/\/www.islaywhiskychapter.at\/?p=4704"},"modified":"2019-04-05T18:34:20","modified_gmt":"2019-04-05T16:34:20","slug":"clubabend-entfaellt","status":"publish","type":"post","link":"https:\/\/islaywhiskychapter.at\/index.php\/clubabend-entfaellt\/","title":{"rendered":"Clubabend entf\u00e4llt?"},"content":{"rendered":"\n<p>Nicht wirklich, aber &#8230;<\/p>\n\n\n\n<p>Im April f\u00e4llt unser 3.Donnerstag in die Karwoche und m\u00f6glicherweise w\u00fcrde das eine oder andere Mitglied es bedauern nicht dabei sein zu k\u00f6nnen &#8211; entweder wegen eines Kurzurlaubes in dieser Woche oder einfach nur aus Gr\u00fcnden des Fastens.<\/p>\n\n\n\n<p>Daher wird dieser Termin entfallen und gleichzeitig durch eine ganz besondere Veranstaltung ersetzt: die 4.Jahresfeier der Ardbeg Embassy im Steirerpub findet ein Woche vorher statt, am 11.April. Wir treffen uns also diesmal bereits am 2.Donnerstag zu einem ganz besonders rauchigen Clubabend.<\/p>\n\n\n\n<figure class=\"wp-block-image\"><img loading=\"lazy\" decoding=\"async\" width=\"958\" height=\"537\" src=\"https:\/\/islaywhiskychapter.at\/wp-content\/uploads\/Ardbeg-Impression-1.jpg\" alt=\"\" class=\"wp-image-4707\" srcset=\"https:\/\/islaywhiskychapter.at\/wp-content\/uploads\/Ardbeg-Impression-1.jpg 958w, https:\/\/islaywhiskychapter.at\/wp-content\/uploads\/Ardbeg-Impression-1-300x168.jpg 300w, https:\/\/islaywhiskychapter.at\/wp-content\/uploads\/Ardbeg-Impression-1-768x430.jpg 768w\" sizes=\"auto, (max-width: 958px) 100vw, 958px\" \/><\/figure>\n\n\n\n<p>Nicht vergessen, hier im Kalender gleich anmelden, die Pl\u00e4tze sind wegen des besonderen Anlasses limitiert.<\/p>\n\n\n\n<p><\/p>\n\n\n\n<p><\/p>\n","protected":false},"excerpt":{"rendered":"<p>Nicht wirklich, aber &#8230; Im April f\u00e4llt unser 3.Donnerstag in die Karwoche und m\u00f6glicherweise w\u00fcrde das eine oder andere Mitglied es bedauern nicht dabei sein zu k\u00f6nnen &#8211; entweder wegen eines Kurzurlaubes in dieser Woche oder einfach nur aus Gr\u00fcnden <a class=\"more-link\" href=\"https:\/\/islaywhiskychapter.at\/index.php\/clubabend-entfaellt\/\"><span class=\"screen-reader-text\">  Clubabend entf\u00e4llt?<\/span> weiterlesen<span class=\"meta-nav\">&rarr;<\/span><\/a><\/p>\n","protected":false},"author":4,"featured_media":4706,"comment_status":"open","ping_status":"closed","sticky":false,"template":"","format":"standard","meta":{"_acf_changed":false,"ngg_post_thumbnail":0,"footnotes":"","_links_to":"","_links_to_target":""},"categories":[1],"tags":[],"class_list":["post-4704","post","type-post","status-publish","format-standard","has-post-thumbnail","hentry","category-allgemein"],"acf":[],"_links":{"self":[{"href":"https:\/\/islaywhiskychapter.at\/index.php\/wp-json\/wp\/v2\/posts\/4704","targetHints":{"allow":["GET"]}}],"collection":[{"href":"https:\/\/islaywhiskychapter.at\/index.php\/wp-json\/wp\/v2\/posts"}],"about":[{"href":"https:\/\/islaywhiskychapter.at\/index.php\/wp-json\/wp\/v2\/types\/post"}],"author":[{"embeddable":true,"href":"https:\/\/islaywhiskychapter.at\/index.php\/wp-json\/wp\/v2\/users\/4"}],"replies":[{"embeddable":true,"href":"https:\/\/islaywhiskychapter.at\/index.php\/wp-json\/wp\/v2\/comments?post=4704"}],"version-history":[{"count":0,"href":"https:\/\/islaywhiskychapter.at\/index.php\/wp-json\/wp\/v2\/posts\/4704\/revisions"}],"wp:featuredmedia":[{"embeddable":true,"href":"https:\/\/islaywhiskychapter.at\/index.php\/wp-json\/wp\/v2\/media\/4706"}],"wp:attachment":[{"href":"https:\/\/islaywhiskychapter.at\/index.php\/wp-json\/wp\/v2\/media?parent=4704"}],"wp:term":[{"taxonomy":"category","embeddable":true,"href":"https:\/\/islaywhiskychapter.at\/index.php\/wp-json\/wp\/v2\/categories?post=4704"},{"taxonomy":"post_tag","embeddable":true,"href":"https:\/\/islaywhiskychapter.at\/index.php\/wp-json\/wp\/v2\/tags?post=4704"}],"curies":[{"name":"wp","href":"https:\/\/api.w.org\/{rel}","templated":true}]}}